{"id":73,"date":"2017-11-07T10:48:16","date_gmt":"2017-11-07T09:48:16","guid":{"rendered":"http:\/\/demenagement-express.be\/blog\/?p=73"},"modified":"2017-11-07T11:14:33","modified_gmt":"2017-11-07T10:14:33","slug":"reservation-demplacement-pour-votre-demenagement-au-pres-de-votre-commune-a-bruxelles","status":"publish","type":"post","link":"https:\/\/demenagement-express.be\/blog\/conseil-demenagement\/reservation-demplacement-pour-votre-demenagement-au-pres-de-votre-commune-a-bruxelles\/","title":{"rendered":"R\u00e9servation d&#8217;emplacement pour votre d\u00e9m\u00e9nagement au pr\u00e8s de votre commune \u00e0 Bruxelles"},"content":{"rendered":"<p>Pour organiser son d\u00e9m\u00e9nagement ou son installation \u00e0 <strong>Bruxelles<\/strong>, il est important de s\u2019y prendre bien \u00e0 l\u2019avance. En effet, chacune des 19 communes de la capitale belge (Forest, Ixelles, Woluwe St-Lambert\/St-Pierre, Uccle, etc.) poss\u00e8de des r\u00e9glementations strictes en mati\u00e8re de changement d\u2019adresse. Que ce soit la r\u00e9servation de l\u2019emplacement pour le camion d\u00e9m\u00e9nageur, le d\u00e9placement d\u2019un arr\u00eat de bus ou encore la taxe d\u2019entr\u00e9e et de sortie de la commune, les r\u00e8gles varient fortement d\u2019une ville \u00e0 l\u2019autre.<\/p>\n<ul>\n<li>Woluwe St-Lambert et St-Pierre : un d\u00e9lai plus long de r\u00e9servation. Pour d\u00e9m\u00e9nager \u00e0 Bruxelles, le\u00a0d\u00e9lai moyen de r\u00e9servation d\u2019un stationnement\u00a0est\u00a0d\u2019une semaineavant la date pr\u00e9vue du d\u00e9m\u00e9nagement. Dans les communes des deux Woluwe, ce d\u00e9lai passe \u00e0\u00a0deux semaines\u00a0avant le \u00ab\u00a0jour J\u00a0\u00bb.<\/li>\n<li>Une taxe plus \u00e9lev\u00e9e \u00e0 Ixelles. La taxe li\u00e9e au d\u00e9m\u00e9nagement est plus \u00e9lev\u00e9e que la moyenne. Par ailleurs, les d\u00e9marches administratives sont importantes. Notre conseil ? S\u2019y prendre \u00e0 l\u2019avance ! D\u2019ailleurs,\u00a0plus le d\u00e9m\u00e9nagement est urgent\u00a0(avec un d\u00e9lai plus court de r\u00e9servation),\u00a0plus les charges augmenteront.<\/li>\n<li>Une taxe sur l\u2019utilisation d\u2019un \u00e9l\u00e9vateur \u00e0 Forest. Dans certaines communes, utiliser un\u00a0lift de d\u00e9m\u00e9nagement\u00a0entraine une imposition. C\u2019est notamment le cas \u00e0\u00a0Forest. Il est donc important de se renseigner concernant\u00a0l\u2019acc\u00e8s au lieu de d\u00e9m\u00e9nagement et la n\u00e9cessit\u00e9 \u00e9ventuelle d\u2019un \u00e9l\u00e9vateur\u00a0pour d\u00e9m\u00e9nager.<\/li>\n<li>Des r\u00e8gles de stationnement peu respect\u00e9es \u00e0 Uccle. Dans certains cas, les automobilistes ne respectent pas les r\u00e9servations de stationnement pour le camion d\u00e9m\u00e9nageur. A\u00a0Uccle,\u00a0mais aussi\u00a0\u00e0 l&rsquo;avenue Louise,\u00a0l\u2019enl\u00e8vement de voitures par une d\u00e9panneuse est fr\u00e9quent. Cela peut entrainer une perte de temps lors de la livraison.<\/li>\n<\/ul>\n<p>&nbsp;<\/p>\n<p>Exemple de tarif pour Watermael-Boitsfort :<\/p>\n<blockquote><p>Tarifs 2017 pour 20 m\u00e8tres de stationnement:<\/p><\/blockquote>\n<p>&nbsp;<\/p>\n<blockquote><p>Emm\u00e9nagement (arriv\u00e9e en commune): 52,35 \u20ac le 1er jour + 6,85 \u20ac par jour suppl\u00e9mentaire<\/p><\/blockquote>\n<p>&nbsp;<\/p>\n<blockquote><p>D\u00e9m\u00e9nagement (d\u00e9part de la commune): 104,70 \u20ac (1er jour) + 13,70 \u20ac par jour suppl\u00e9mentaire<\/p><\/blockquote>\n<p>&nbsp;<\/p>\n<blockquote><p>Stationnement de v\u00e9hicules pour travaux ou autres: 104,70 \u20ac (1er jour) + 13,70 \u20ac par jour suppl\u00e9mentaire + 6,85 \u20ac par panneau suppl\u00e9mentaire<\/p><\/blockquote>\n<p>&nbsp;<\/p>\n<blockquote><p>Occupation de la voie publique (container, big-bag,&#8230;): 17,45 \u20ac\/jour par tranche entam\u00e9e de 10m2.<\/p><\/blockquote>\n<p>&nbsp;<\/p>\n<blockquote><p>Echafaudage: 8,65 \u20ac\/jour.<\/p><\/blockquote>\n<p>Les proc\u00e9dures de r\u00e9servation d&#8217;emplacements varient d&rsquo;une commune \u00e0 l&rsquo;autre.<\/p>\n<ul class=\"split4col\">\n<li><a href=\"http:\/\/parking.brussels\/fr\/objets-liens\/site-communaux-page-reservation-emplacement\/reservation-demplacement-a-anderlecht\" target=\"_blank\" rel=\"noopener\">Anderlecht<\/a><\/li>\n<li><a href=\"http:\/\/parking.brussels\/fr\/objets-liens\/site-communaux-page-reservation-emplacement\/reservation-demplacement-a-auderghem\" target=\"_blank\" rel=\"noopener\">Auderghem<\/a><\/li>\n<li><a href=\"http:\/\/parking.brussels\/fr\/objets-liens\/site-communaux-page-reservation-emplacement\/reservation-demplacement-a-berchem-sainte-agathe\" target=\"_blank\" rel=\"noopener\">Berchem-Sainte-Agathe<\/a><\/li>\n<li><a href=\"http:\/\/parking.brussels\/fr\/objets-liens\/site-communaux-page-reservation-emplacement\/reservation-demplacement-a-bruxelles-ville\" target=\"_blank\" rel=\"noopener\">Bruxelles-Ville<\/a><\/li>\n<li><a href=\"http:\/\/parking.brussels\/fr\/objets-liens\/site-communaux-page-reservation-emplacement\/reservation-demplacement-a-etterbeek\" target=\"_blank\" rel=\"noopener\">Etterbeek<\/a><\/li>\n<li><a href=\"http:\/\/parking.brussels\/fr\/objets-liens\/site-communaux-page-reservation-emplacement\/reservation-demplacement-a-evere\" target=\"_blank\" rel=\"noopener\">Evere<\/a><\/li>\n<li><a href=\"http:\/\/parking.brussels\/fr\/objets-liens\/site-communaux-page-reservation-emplacement\/reservation-demplacement-a-forest\" target=\"_blank\" rel=\"noopener\">Forest<\/a><\/li>\n<li><a href=\"http:\/\/parking.brussels\/fr\/objets-liens\/site-communaux-page-reservation-emplacement\/reservation-demplacement-a-ganshoren\" target=\"_blank\" rel=\"noopener\">Ganshoren<\/a><\/li>\n<li><a href=\"http:\/\/parking.brussels\/fr\/objets-liens\/site-communaux-page-reservation-emplacement\/reservation-demplacement-a-ixelles\" target=\"_blank\" rel=\"noopener\">Ixelles<\/a><\/li>\n<li><a href=\"http:\/\/parking.brussels\/fr\/objets-liens\/site-communaux-page-reservation-emplacement\/reservation-demplacement-a-jette\" target=\"_blank\" rel=\"noopener\">Jette<\/a><\/li>\n<li><a href=\"http:\/\/parking.brussels\/fr\/objets-liens\/site-communaux-page-reservation-emplacement\/reservation-demplacement-a-koekelberg\" target=\"_blank\" rel=\"noopener\">Koekelberg<\/a><\/li>\n<li><a href=\"http:\/\/parking.brussels\/fr\/objets-liens\/site-communaux-page-reservation-emplacement\/reservation-demplacement-a-molenbeek\" target=\"_blank\" rel=\"noopener\">Molenbeek<\/a><\/li>\n<li><a href=\"http:\/\/parking.brussels\/fr\/objets-liens\/site-communaux-page-reservation-emplacement\/reservation-demplacement-a-saint-gilles\" target=\"_blank\" rel=\"noopener\">Saint-Gilles<\/a><\/li>\n<li><a href=\"http:\/\/parking.brussels\/fr\/objets-liens\/sites-communaux-pages-daccueil\/saint-josse\" target=\"_blank\" rel=\"noopener\">Saint-Josse<\/a><\/li>\n<li><a href=\"http:\/\/www.schaerbeek.be\/\" target=\"_blank\" rel=\"noopener\">Schaerbeek<\/a><\/li>\n<li><a href=\"http:\/\/www.uccle.be\/\" target=\"_blank\" rel=\"noopener\">Uccle<\/a><\/li>\n<li><a href=\"http:\/\/parking.brussels\/fr\/objets-liens\/site-communaux-page-reservation-emplacement\/reservation-demplacement-a-watermael-boitsfort\" target=\"_blank\" rel=\"noopener\">Watermael-Boitsfort<\/a><\/li>\n<li><a href=\"http:\/\/www.woluwe1200.be\/\" target=\"_blank\" rel=\"noopener\">Woluwe-Saint-Lambert<\/a><\/li>\n<li><a href=\"https:\/\/www.woluwe1150.be\/fr\/\" target=\"_blank\" rel=\"noopener\">Woluwe-Saint-Pierre<\/a><\/li>\n<\/ul>\n<p>&nbsp;<\/p>\n","protected":false},"excerpt":{"rendered":"<p>Pour organiser son d\u00e9m\u00e9nagement ou son installation \u00e0 Bruxelles, il est important de s\u2019y prendre bien \u00e0 l\u2019avance. En effet, chacune des 19 communes de la capitale belge (Forest, Ixelles, Woluwe St-Lambert\/St-Pierre, Uccle, etc.)&#46;&#46;&#46;<\/p>\n","protected":false},"author":2,"featured_media":74,"comment_status":"closed","ping_status":"closed","sticky":false,"template":"","format":"image","meta":{"footnotes":""},"categories":[4,104],"tags":[139,156,151,116,110,126,147,132,153,149,114,136,134,122,141,113,105,150,112,140,146,152,133,142,125,106,129,118,107,128,144,137,161,124,108,121,117,135,13,180,164,172,170,65,53,173,51,6,7,8,177,174,14,171,155,50,179,109,148,169,158,159,130,165,127,123,111,120,138,119,160,115,162,157,154,143,131,145,168,167,178,176,175,163,166],"_links":{"self":[{"href":"https:\/\/demenagement-express.be\/blog\/wp-json\/wp\/v2\/posts\/73"}],"collection":[{"href":"https:\/\/demenagement-express.be\/blog\/wp-json\/wp\/v2\/posts"}],"about":[{"href":"https:\/\/demenagement-express.be\/blog\/wp-json\/wp\/v2\/types\/post"}],"author":[{"embeddable":true,"href":"https:\/\/demenagement-express.be\/blog\/wp-json\/wp\/v2\/users\/2"}],"replies":[{"embeddable":true,"href":"https:\/\/demenagement-express.be\/blog\/wp-json\/wp\/v2\/comments?post=73"}],"version-history":[{"count":7,"href":"https:\/\/demenagement-express.be\/blog\/wp-json\/wp\/v2\/posts\/73\/revisions"}],"predecessor-version":[{"id":81,"href":"https:\/\/demenagement-express.be\/blog\/wp-json\/wp\/v2\/posts\/73\/revisions\/81"}],"wp:featuredmedia":[{"embeddable":true,"href":"https:\/\/demenagement-express.be\/blog\/wp-json\/wp\/v2\/media\/74"}],"wp:attachment":[{"href":"https:\/\/demenagement-express.be\/blog\/wp-json\/wp\/v2\/media?parent=73"}],"wp:term":[{"taxonomy":"category","embeddable":true,"href":"https:\/\/demenagement-express.be\/blog\/wp-json\/wp\/v2\/categories?post=73"},{"taxonomy":"post_tag","embeddable":true,"href":"https:\/\/demenagement-express.be\/blog\/wp-json\/wp\/v2\/tags?post=73"}],"curies":[{"name":"wp","href":"https:\/\/api.w.org\/{rel}","templated":true}]}}